{"id":15562,"date":"2015-11-27T10:44:00","date_gmt":"2015-11-27T10:44:00","guid":{"rendered":"http:\/\/31.217.192.104\/~iloversu\/uncategorized\/valaistaan-maailma-hymylla\/"},"modified":"2021-07-14T11:47:42","modified_gmt":"2021-07-14T11:47:42","slug":"valaistaan-maailma-hymylla","status":"publish","type":"post","link":"https:\/\/www.iloversum.fi\/fi\/ilon-ja-onnellisuuden-kuntosali\/valaistaan-maailma-hymylla\/","title":{"rendered":"Valaistaan maailma hymyll\u00e4"},"content":{"rendered":"<p>Hei rakkaat yst\u00e4v\u00e4t,<\/p>\n<p>Mietin aamulla ulos katsoessani, ett\u00e4 juuri nyt tarvitsemme lis\u00e4\u00e4 valoa. Varmaan moni sytyttelee iltaisin kynttil\u00f6it\u00e4. Ja tulevana viikonloppuna pihoille syttyy lukuisia jouluvaloja. T\u00e4h\u00e4n aikaan vuodesta vaistomaisesti kaipaamme valoa. Ja ainakin itse tunnen tuon kaipuun l\u00e4hes fyysisesti. Haluaisin sytytt\u00e4\u00e4 sis\u00e4llenikin lohduttavasti hehkuvan tuikun tai kytke\u00e4 iloisesti tuikkivan s\u00e4hk\u00f6valosarjan.<\/p>\n<p><img decoding=\"async\" alt=\"\" src=\"http:\/\/www.iloversum.fi\/files\/kuntosali\/talvivalot.jpg\" style=\"width: 640px; height: 458px;\" \/><br \/> Kuva by Jim Larrison<\/p>\n<p>Kun mieleeni tuli kuva sis\u00e4isest\u00e4 saunalyhdyst\u00e4ni, huomasin hymyilev\u00e4ni. Ja samalla oivalsin: <strong>Hymy on meid\u00e4n sis\u00e4inen valo! <\/strong>Se voi hehkua lempe\u00e4sti tai s\u00e4teill\u00e4 iloisesti. Se voi kutsua jo kaukaa tai loistaa kaikkialle. Hymy voi lohduttaa ja tyynnytt\u00e4\u00e4 tai houkutella ja innostaa. Ja ehdottomasti, hymy voi valaista huoneen. \u00a0<\/p>\n<p>Hymy on yksi helpoimmista ja yksinkertaisimmista, mutta vahvimmista tavoista lis\u00e4t\u00e4 onnellisuuttaan.\u00a0 Hymyll\u00e4 on aivan uskomaton voima. Se tutkitusti saa meid\u00e4t hengitt\u00e4m\u00e4\u00e4n syvemmin ja helpottaa stressi\u00e4. Se lievitt\u00e4\u00e4 ahdistusta ja h\u00e4t\u00e4\u00e4 sek\u00e4 k\u00e4ynnist\u00e4\u00e4 selviytymiseen. Hymyilev\u00e4\u00e4 ihmist\u00e4 l\u00e4hestyt\u00e4\u00e4n helpommin ja h\u00e4neen otetaan mieluummin kontaktia. Ja hymy saa koko maailman hymyilem\u00e4\u00e4n kanssasi. (Sonja Lyobomirsky, Kuinka onnelliseksi, 2007)\u00a0<\/p>\n<p>Sen lis\u00e4ksi, ett\u00e4 hymyilem\u00e4ll\u00e4 kohennat omaa oloasi, hymysi onnellistuttaa my\u00f6s muita ymp\u00e4rill\u00e4 olijoita ja n\u00e4in ollen tartuttaa onnellisempaa oloa my\u00f6s muihin.<\/p>\n<p>Siisp\u00e4 tulevan viikon ajan <strong>VALAISTAAN MAAILMA HYMYLL\u00c4<\/strong><\/p>\n<p><img decoding=\"async\" alt=\"\" src=\"http:\/\/www.iloversum.fi\/files\/kuntosali\/338096053_a5e7ca065a_z-1.jpg\" style=\"width: 640px; height: 425px;\" \/><\/p>\n<ul>\n<li>Aloita aamusi <strong>hymyilem\u00e4ll\u00e4 itseksesi<\/strong> tai peilikuvallesi. Sytyt\u00e4 tietoisesti hymylyhtysi, sis\u00e4inen valosi. Huomaa, miten hymy levi\u00e4\u00e4 silmiisi saakka ja miten se valaisee sinut sis\u00e4lt\u00e4 k\u00e4sin. Nauti hymyst\u00e4si, sen l\u00e4mm\u00f6st\u00e4 ja valosta.<br \/> \u00a0<\/li>\n<li>Toivottaessasi hyv\u00e4\u00e4 huomenta perheenj\u00e4senillesi, naapureillesi tai ty\u00f6kavereillesi, <strong>hymyile tietoisesti jokaiselle<\/strong>. Anna hymysi valaista aina tervehtiess\u00e4si.<br \/> \u00a0<\/li>\n<li>Hymyile my\u00f6s <strong>vastaantulijoille tai kanssamatkustajille<\/strong>. P\u00e4\u00e4t\u00e4 tietoisesti valaista heid\u00e4n p\u00e4iv\u00e4\u00e4 ja tehd\u00e4 heille parempi olo.<br \/> \u00a0<\/li>\n<li><strong>Hymyile el\u00e4imille<\/strong>: lemmikkiel\u00e4imillesi, puistossa kirmaavalle oravalle tai pensaasta kuuluvalle variksen omalaatuiselle tavalle laulaa.<br \/> \u00a0<\/li>\n<li><strong>Hymyile sis\u00e4isesti<\/strong> muistoille, unelmille, ajatuksille\u2026 Oletko huomannut, ett\u00e4 ihmiset usein hymyilev\u00e4t k\u00e4nnyk\u00e4lleen? Anna hymysi valaista my\u00f6s some-kaveriesi postaukset.<br \/> \u00a0<\/li>\n<li>Anna <strong>kynttil\u00f6iden, lyhtyjen ja jouluvalojen muistuttaa<\/strong> sinua hymysi valovoimasta. Ja syttytt\u00e4\u00e4 hymysi valaisemaan itse\u00e4si ja maailmaa.<br \/> \u00a0<\/li>\n<li>Ja illalla ennen nukahtamista hymyile viel\u00e4 itsellesi. Ja<strong> kiit\u00e4 hymyist\u00e4<\/strong>, jotka olet l\u00e4hett\u00e4nyt valona maailmaan ja jotka olet saanut takaisin.<\/li>\n<\/ul>\n<p>Hymyilev\u00e4\u00e4 ja valoisaa viikkoa toivottaen<\/p>\n<p>Auli, jonka hymylihakset tuntuvat toimivan hymyst\u00e4 kirjoittaessakin.<\/p>\n<p><span style=\"line-height: 1.6;\">ps. Jos et ole viel\u00e4 Ilon ja onnellisuuden kuntosalin uutiskirjeen tilaaja ja haluat saada s\u00e4hk\u00f6postiisi tiedon aina uudesta, viikoittain vaihtuvasta onnellisuusharjoitteesta, tilaa uutiskirje t\u00e4ll\u00e4 sivulla olevalla lomakkeella.<\/span><\/p>\n","protected":false},"excerpt":{"rendered":"<p>T\u00e4h\u00e4n aikaan vuodesta vaistomaisesti kaipaamme valoa. Haluaisin sytytt\u00e4\u00e4 sis\u00e4llenikin lyhdyn tai iloisesti tuikkivan s\u00e4hk\u00f6valosarjan. Ajatellessani sis\u00e4ist\u00e4 lyhty\u00e4ni huomasin hymyilev\u00e4ni. Ja samalla oivalsin: Hymy on meid\u00e4n sis\u00e4inen valo! Se hehkuu, loistaa, lohduttaa, s\u00e4teilee ja ehdottomasti valaisee!<\/p>\n","protected":false},"author":1,"featured_media":15563,"comment_status":"open","ping_status":"open","sticky":false,"template":"","format":"standard","meta":{"footnotes":""},"categories":[58],"tags":[111,112,43,44,114,113],"class_list":["post-15562","post","type-post","status-publish","format-standard","has-post-thumbnail","hentry","category-ilon-ja-onnellisuuden-kuntosali","tag-hymy","tag-hymyileminen","tag-mielen-jumppaaminen","tag-onnellisuus","tag-valaiseminen","tag-valo","category-58","description-off"],"yoast_head":"<!-- This site is optimized with the Yoast SEO plugin v27.4 - https:\/\/yoast.com\/product\/yoast-seo-wordpress\/ -->\n<title>Valaistaan maailma hymyll\u00e4 - Iloversum<\/title>\n<meta name=\"robots\" content=\"index, follow, max-snippet:-1, max-image-preview:large, max-video-preview:-1\" \/>\n<link rel=\"canonical\" href=\"https:\/\/www.iloversum.fi\/fi\/ilon-ja-onnellisuuden-kuntosali\/valaistaan-maailma-hymylla\/\" \/>\n<meta property=\"og:locale\" content=\"fi_FI\" \/>\n<meta property=\"og:type\" content=\"article\" \/>\n<meta property=\"og:title\" content=\"Valaistaan maailma hymyll\u00e4 - Iloversum\" \/>\n<meta property=\"og:description\" content=\"T\u00e4h\u00e4n aikaan vuodesta vaistomaisesti kaipaamme valoa. Haluaisin sytytt\u00e4\u00e4 sis\u00e4llenikin lyhdyn tai iloisesti tuikkivan s\u00e4hk\u00f6valosarjan. Ajatellessani sis\u00e4ist\u00e4 lyhty\u00e4ni huomasin hymyilev\u00e4ni. Ja samalla oivalsin: Hymy on meid\u00e4n sis\u00e4inen valo! Se hehkuu, loistaa, lohduttaa, s\u00e4teilee ja ehdottomasti valaisee!\" \/>\n<meta property=\"og:url\" content=\"https:\/\/www.iloversum.fi\/fi\/ilon-ja-onnellisuuden-kuntosali\/valaistaan-maailma-hymylla\/\" \/>\n<meta property=\"og:site_name\" content=\"Iloversum\" \/>\n<meta property=\"article:published_time\" content=\"2015-11-27T10:44:00+00:00\" \/>\n<meta property=\"article:modified_time\" content=\"2021-07-14T11:47:42+00:00\" \/>\n<meta property=\"og:image\" content=\"https:\/\/www.iloversum.fi\/wp-content\/uploads\/2021\/06\/338096053_a5e7ca065a_z-1.jpg\" \/>\n\t<meta property=\"og:image:width\" content=\"640\" \/>\n\t<meta property=\"og:image:height\" content=\"425\" \/>\n\t<meta property=\"og:image:type\" content=\"image\/jpeg\" \/>\n<meta name=\"author\" content=\"admin\" \/>\n<meta name=\"twitter:card\" content=\"summary_large_image\" \/>\n<meta name=\"twitter:label1\" content=\"Kirjoittanut\" \/>\n\t<meta name=\"twitter:data1\" content=\"admin\" \/>\n\t<meta name=\"twitter:label2\" content=\"Arvioitu lukuaika\" \/>\n\t<meta name=\"twitter:data2\" content=\"2 minuuttia\" \/>\n<script type=\"application\/ld+json\" class=\"yoast-schema-graph\">{\"@context\":\"https:\\\/\\\/schema.org\",\"@graph\":[{\"@type\":\"Article\",\"@id\":\"https:\\\/\\\/www.iloversum.fi\\\/fi\\\/ilon-ja-onnellisuuden-kuntosali\\\/valaistaan-maailma-hymylla\\\/#article\",\"isPartOf\":{\"@id\":\"https:\\\/\\\/www.iloversum.fi\\\/fi\\\/ilon-ja-onnellisuuden-kuntosali\\\/valaistaan-maailma-hymylla\\\/\"},\"author\":{\"name\":\"admin\",\"@id\":\"https:\\\/\\\/www.iloversum.fi\\\/fi\\\/#\\\/schema\\\/person\\\/3bca4d6258dde782444fce5777f1809c\"},\"headline\":\"Valaistaan maailma hymyll\u00e4\",\"datePublished\":\"2015-11-27T10:44:00+00:00\",\"dateModified\":\"2021-07-14T11:47:42+00:00\",\"mainEntityOfPage\":{\"@id\":\"https:\\\/\\\/www.iloversum.fi\\\/fi\\\/ilon-ja-onnellisuuden-kuntosali\\\/valaistaan-maailma-hymylla\\\/\"},\"wordCount\":410,\"commentCount\":0,\"image\":{\"@id\":\"https:\\\/\\\/www.iloversum.fi\\\/fi\\\/ilon-ja-onnellisuuden-kuntosali\\\/valaistaan-maailma-hymylla\\\/#primaryimage\"},\"thumbnailUrl\":\"https:\\\/\\\/www.iloversum.fi\\\/wp-content\\\/uploads\\\/2021\\\/06\\\/338096053_a5e7ca065a_z-1.jpg\",\"keywords\":[\"hymy\",\"hymyileminen\",\"Mielen jumppaaminen\",\"onnellisuus\",\"valaiseminen\",\"valo\"],\"articleSection\":[\"Ilon ja onnellisuuden kuntosali\"],\"inLanguage\":\"fi\",\"potentialAction\":[{\"@type\":\"CommentAction\",\"name\":\"Comment\",\"target\":[\"https:\\\/\\\/www.iloversum.fi\\\/fi\\\/ilon-ja-onnellisuuden-kuntosali\\\/valaistaan-maailma-hymylla\\\/#respond\"]}]},{\"@type\":\"WebPage\",\"@id\":\"https:\\\/\\\/www.iloversum.fi\\\/fi\\\/ilon-ja-onnellisuuden-kuntosali\\\/valaistaan-maailma-hymylla\\\/\",\"url\":\"https:\\\/\\\/www.iloversum.fi\\\/fi\\\/ilon-ja-onnellisuuden-kuntosali\\\/valaistaan-maailma-hymylla\\\/\",\"name\":\"Valaistaan maailma hymyll\u00e4 - Iloversum\",\"isPartOf\":{\"@id\":\"https:\\\/\\\/www.iloversum.fi\\\/fi\\\/#website\"},\"primaryImageOfPage\":{\"@id\":\"https:\\\/\\\/www.iloversum.fi\\\/fi\\\/ilon-ja-onnellisuuden-kuntosali\\\/valaistaan-maailma-hymylla\\\/#primaryimage\"},\"image\":{\"@id\":\"https:\\\/\\\/www.iloversum.fi\\\/fi\\\/ilon-ja-onnellisuuden-kuntosali\\\/valaistaan-maailma-hymylla\\\/#primaryimage\"},\"thumbnailUrl\":\"https:\\\/\\\/www.iloversum.fi\\\/wp-content\\\/uploads\\\/2021\\\/06\\\/338096053_a5e7ca065a_z-1.jpg\",\"datePublished\":\"2015-11-27T10:44:00+00:00\",\"dateModified\":\"2021-07-14T11:47:42+00:00\",\"author\":{\"@id\":\"https:\\\/\\\/www.iloversum.fi\\\/fi\\\/#\\\/schema\\\/person\\\/3bca4d6258dde782444fce5777f1809c\"},\"breadcrumb\":{\"@id\":\"https:\\\/\\\/www.iloversum.fi\\\/fi\\\/ilon-ja-onnellisuuden-kuntosali\\\/valaistaan-maailma-hymylla\\\/#breadcrumb\"},\"inLanguage\":\"fi\",\"potentialAction\":[{\"@type\":\"ReadAction\",\"target\":[\"https:\\\/\\\/www.iloversum.fi\\\/fi\\\/ilon-ja-onnellisuuden-kuntosali\\\/valaistaan-maailma-hymylla\\\/\"]}]},{\"@type\":\"ImageObject\",\"inLanguage\":\"fi\",\"@id\":\"https:\\\/\\\/www.iloversum.fi\\\/fi\\\/ilon-ja-onnellisuuden-kuntosali\\\/valaistaan-maailma-hymylla\\\/#primaryimage\",\"url\":\"https:\\\/\\\/www.iloversum.fi\\\/wp-content\\\/uploads\\\/2021\\\/06\\\/338096053_a5e7ca065a_z-1.jpg\",\"contentUrl\":\"https:\\\/\\\/www.iloversum.fi\\\/wp-content\\\/uploads\\\/2021\\\/06\\\/338096053_a5e7ca065a_z-1.jpg\",\"width\":640,\"height\":425},{\"@type\":\"BreadcrumbList\",\"@id\":\"https:\\\/\\\/www.iloversum.fi\\\/fi\\\/ilon-ja-onnellisuuden-kuntosali\\\/valaistaan-maailma-hymylla\\\/#breadcrumb\",\"itemListElement\":[{\"@type\":\"ListItem\",\"position\":1,\"name\":\"Etusivu\",\"item\":\"https:\\\/\\\/www.iloversum.fi\\\/fi\\\/\"},{\"@type\":\"ListItem\",\"position\":2,\"name\":\"Valaistaan maailma hymyll\u00e4\"}]},{\"@type\":\"WebSite\",\"@id\":\"https:\\\/\\\/www.iloversum.fi\\\/fi\\\/#website\",\"url\":\"https:\\\/\\\/www.iloversum.fi\\\/fi\\\/\",\"name\":\"Iloversum\",\"description\":\"Iloversum\",\"potentialAction\":[{\"@type\":\"SearchAction\",\"target\":{\"@type\":\"EntryPoint\",\"urlTemplate\":\"https:\\\/\\\/www.iloversum.fi\\\/fi\\\/?s={search_term_string}\"},\"query-input\":{\"@type\":\"PropertyValueSpecification\",\"valueRequired\":true,\"valueName\":\"search_term_string\"}}],\"inLanguage\":\"fi\"},{\"@type\":\"Person\",\"@id\":\"https:\\\/\\\/www.iloversum.fi\\\/fi\\\/#\\\/schema\\\/person\\\/3bca4d6258dde782444fce5777f1809c\",\"name\":\"admin\",\"image\":{\"@type\":\"ImageObject\",\"inLanguage\":\"fi\",\"@id\":\"https:\\\/\\\/secure.gravatar.com\\\/avatar\\\/7aec815e6b030beaccea83cc51e0b490a60474eb7b157f25e736f503a63b9938?s=96&d=mm&r=g\",\"url\":\"https:\\\/\\\/secure.gravatar.com\\\/avatar\\\/7aec815e6b030beaccea83cc51e0b490a60474eb7b157f25e736f503a63b9938?s=96&d=mm&r=g\",\"contentUrl\":\"https:\\\/\\\/secure.gravatar.com\\\/avatar\\\/7aec815e6b030beaccea83cc51e0b490a60474eb7b157f25e736f503a63b9938?s=96&d=mm&r=g\",\"caption\":\"admin\"},\"url\":\"https:\\\/\\\/www.iloversum.fi\\\/fi\\\/author\\\/admin\\\/\"}]}<\/script>\n<!-- \/ Yoast SEO plugin. -->","yoast_head_json":{"title":"Valaistaan maailma hymyll\u00e4 - Iloversum","robots":{"index":"index","follow":"follow","max-snippet":"max-snippet:-1","max-image-preview":"max-image-preview:large","max-video-preview":"max-video-preview:-1"},"canonical":"https:\/\/www.iloversum.fi\/fi\/ilon-ja-onnellisuuden-kuntosali\/valaistaan-maailma-hymylla\/","og_locale":"fi_FI","og_type":"article","og_title":"Valaistaan maailma hymyll\u00e4 - Iloversum","og_description":"T\u00e4h\u00e4n aikaan vuodesta vaistomaisesti kaipaamme valoa. Haluaisin sytytt\u00e4\u00e4 sis\u00e4llenikin lyhdyn tai iloisesti tuikkivan s\u00e4hk\u00f6valosarjan. Ajatellessani sis\u00e4ist\u00e4 lyhty\u00e4ni huomasin hymyilev\u00e4ni. Ja samalla oivalsin: Hymy on meid\u00e4n sis\u00e4inen valo! Se hehkuu, loistaa, lohduttaa, s\u00e4teilee ja ehdottomasti valaisee!","og_url":"https:\/\/www.iloversum.fi\/fi\/ilon-ja-onnellisuuden-kuntosali\/valaistaan-maailma-hymylla\/","og_site_name":"Iloversum","article_published_time":"2015-11-27T10:44:00+00:00","article_modified_time":"2021-07-14T11:47:42+00:00","og_image":[{"width":640,"height":425,"url":"https:\/\/www.iloversum.fi\/wp-content\/uploads\/2021\/06\/338096053_a5e7ca065a_z-1.jpg","type":"image\/jpeg"}],"author":"admin","twitter_card":"summary_large_image","twitter_misc":{"Kirjoittanut":"admin","Arvioitu lukuaika":"2 minuuttia"},"schema":{"@context":"https:\/\/schema.org","@graph":[{"@type":"Article","@id":"https:\/\/www.iloversum.fi\/fi\/ilon-ja-onnellisuuden-kuntosali\/valaistaan-maailma-hymylla\/#article","isPartOf":{"@id":"https:\/\/www.iloversum.fi\/fi\/ilon-ja-onnellisuuden-kuntosali\/valaistaan-maailma-hymylla\/"},"author":{"name":"admin","@id":"https:\/\/www.iloversum.fi\/fi\/#\/schema\/person\/3bca4d6258dde782444fce5777f1809c"},"headline":"Valaistaan maailma hymyll\u00e4","datePublished":"2015-11-27T10:44:00+00:00","dateModified":"2021-07-14T11:47:42+00:00","mainEntityOfPage":{"@id":"https:\/\/www.iloversum.fi\/fi\/ilon-ja-onnellisuuden-kuntosali\/valaistaan-maailma-hymylla\/"},"wordCount":410,"commentCount":0,"image":{"@id":"https:\/\/www.iloversum.fi\/fi\/ilon-ja-onnellisuuden-kuntosali\/valaistaan-maailma-hymylla\/#primaryimage"},"thumbnailUrl":"https:\/\/www.iloversum.fi\/wp-content\/uploads\/2021\/06\/338096053_a5e7ca065a_z-1.jpg","keywords":["hymy","hymyileminen","Mielen jumppaaminen","onnellisuus","valaiseminen","valo"],"articleSection":["Ilon ja onnellisuuden kuntosali"],"inLanguage":"fi","potentialAction":[{"@type":"CommentAction","name":"Comment","target":["https:\/\/www.iloversum.fi\/fi\/ilon-ja-onnellisuuden-kuntosali\/valaistaan-maailma-hymylla\/#respond"]}]},{"@type":"WebPage","@id":"https:\/\/www.iloversum.fi\/fi\/ilon-ja-onnellisuuden-kuntosali\/valaistaan-maailma-hymylla\/","url":"https:\/\/www.iloversum.fi\/fi\/ilon-ja-onnellisuuden-kuntosali\/valaistaan-maailma-hymylla\/","name":"Valaistaan maailma hymyll\u00e4 - Iloversum","isPartOf":{"@id":"https:\/\/www.iloversum.fi\/fi\/#website"},"primaryImageOfPage":{"@id":"https:\/\/www.iloversum.fi\/fi\/ilon-ja-onnellisuuden-kuntosali\/valaistaan-maailma-hymylla\/#primaryimage"},"image":{"@id":"https:\/\/www.iloversum.fi\/fi\/ilon-ja-onnellisuuden-kuntosali\/valaistaan-maailma-hymylla\/#primaryimage"},"thumbnailUrl":"https:\/\/www.iloversum.fi\/wp-content\/uploads\/2021\/06\/338096053_a5e7ca065a_z-1.jpg","datePublished":"2015-11-27T10:44:00+00:00","dateModified":"2021-07-14T11:47:42+00:00","author":{"@id":"https:\/\/www.iloversum.fi\/fi\/#\/schema\/person\/3bca4d6258dde782444fce5777f1809c"},"breadcrumb":{"@id":"https:\/\/www.iloversum.fi\/fi\/ilon-ja-onnellisuuden-kuntosali\/valaistaan-maailma-hymylla\/#breadcrumb"},"inLanguage":"fi","potentialAction":[{"@type":"ReadAction","target":["https:\/\/www.iloversum.fi\/fi\/ilon-ja-onnellisuuden-kuntosali\/valaistaan-maailma-hymylla\/"]}]},{"@type":"ImageObject","inLanguage":"fi","@id":"https:\/\/www.iloversum.fi\/fi\/ilon-ja-onnellisuuden-kuntosali\/valaistaan-maailma-hymylla\/#primaryimage","url":"https:\/\/www.iloversum.fi\/wp-content\/uploads\/2021\/06\/338096053_a5e7ca065a_z-1.jpg","contentUrl":"https:\/\/www.iloversum.fi\/wp-content\/uploads\/2021\/06\/338096053_a5e7ca065a_z-1.jpg","width":640,"height":425},{"@type":"BreadcrumbList","@id":"https:\/\/www.iloversum.fi\/fi\/ilon-ja-onnellisuuden-kuntosali\/valaistaan-maailma-hymylla\/#breadcrumb","itemListElement":[{"@type":"ListItem","position":1,"name":"Etusivu","item":"https:\/\/www.iloversum.fi\/fi\/"},{"@type":"ListItem","position":2,"name":"Valaistaan maailma hymyll\u00e4"}]},{"@type":"WebSite","@id":"https:\/\/www.iloversum.fi\/fi\/#website","url":"https:\/\/www.iloversum.fi\/fi\/","name":"Iloversum","description":"Iloversum","potentialAction":[{"@type":"SearchAction","target":{"@type":"EntryPoint","urlTemplate":"https:\/\/www.iloversum.fi\/fi\/?s={search_term_string}"},"query-input":{"@type":"PropertyValueSpecification","valueRequired":true,"valueName":"search_term_string"}}],"inLanguage":"fi"},{"@type":"Person","@id":"https:\/\/www.iloversum.fi\/fi\/#\/schema\/person\/3bca4d6258dde782444fce5777f1809c","name":"admin","image":{"@type":"ImageObject","inLanguage":"fi","@id":"https:\/\/secure.gravatar.com\/avatar\/7aec815e6b030beaccea83cc51e0b490a60474eb7b157f25e736f503a63b9938?s=96&d=mm&r=g","url":"https:\/\/secure.gravatar.com\/avatar\/7aec815e6b030beaccea83cc51e0b490a60474eb7b157f25e736f503a63b9938?s=96&d=mm&r=g","contentUrl":"https:\/\/secure.gravatar.com\/avatar\/7aec815e6b030beaccea83cc51e0b490a60474eb7b157f25e736f503a63b9938?s=96&d=mm&r=g","caption":"admin"},"url":"https:\/\/www.iloversum.fi\/fi\/author\/admin\/"}]}},"_links":{"self":[{"href":"https:\/\/www.iloversum.fi\/fi\/wp-json\/wp\/v2\/posts\/15562","targetHints":{"allow":["GET"]}}],"collection":[{"href":"https:\/\/www.iloversum.fi\/fi\/wp-json\/wp\/v2\/posts"}],"about":[{"href":"https:\/\/www.iloversum.fi\/fi\/wp-json\/wp\/v2\/types\/post"}],"author":[{"embeddable":true,"href":"https:\/\/www.iloversum.fi\/fi\/wp-json\/wp\/v2\/users\/1"}],"replies":[{"embeddable":true,"href":"https:\/\/www.iloversum.fi\/fi\/wp-json\/wp\/v2\/comments?post=15562"}],"version-history":[{"count":1,"href":"https:\/\/www.iloversum.fi\/fi\/wp-json\/wp\/v2\/posts\/15562\/revisions"}],"predecessor-version":[{"id":15950,"href":"https:\/\/www.iloversum.fi\/fi\/wp-json\/wp\/v2\/posts\/15562\/revisions\/15950"}],"wp:featuredmedia":[{"embeddable":true,"href":"https:\/\/www.iloversum.fi\/fi\/wp-json\/wp\/v2\/media\/15563"}],"wp:attachment":[{"href":"https:\/\/www.iloversum.fi\/fi\/wp-json\/wp\/v2\/media?parent=15562"}],"wp:term":[{"taxonomy":"category","embeddable":true,"href":"https:\/\/www.iloversum.fi\/fi\/wp-json\/wp\/v2\/categories?post=15562"},{"taxonomy":"post_tag","embeddable":true,"href":"https:\/\/www.iloversum.fi\/fi\/wp-json\/wp\/v2\/tags?post=15562"}],"curies":[{"name":"wp","href":"https:\/\/api.w.org\/{rel}","templated":true}]}}