{"id":15590,"date":"2015-12-11T18:48:00","date_gmt":"2015-12-11T18:48:00","guid":{"rendered":"http:\/\/31.217.192.104\/~iloversu\/uncategorized\/joulukalenterin-luukku-13-anna-valosi-loistaa\/"},"modified":"2021-07-14T11:47:31","modified_gmt":"2021-07-14T11:47:31","slug":"joulukalenterin-luukku-13-anna-valosi-loistaa","status":"publish","type":"post","link":"https:\/\/www.iloversum.fi\/fi\/ilon-ja-onnellisuuden-kuntosali\/joulukalenterin-luukku-13-anna-valosi-loistaa\/","title":{"rendered":"Joulukalenterin luukku 13: Anna valosi loistaa"},"content":{"rendered":"<p>Hyv\u00e4\u00e4 Lucian p\u00e4iv\u00e4\u00e4, rakkaat yst\u00e4v\u00e4t!<\/p>\n<p>Olen huomannut, ett\u00e4 valo vaikuttaa minuun todella voimakkaasti. Jos p\u00e4iv\u00e4st\u00e4 toiseen raahustaa paksun pilvikerroksen alla m\u00e4r\u00e4ss\u00e4 pimeydess\u00e4, pyrkii ryhti painumaan v\u00e4kisinkin kasaan ja voimattomuus valtaamaan mielen.<\/p>\n<p>Kun sitten jonakin p\u00e4iv\u00e4n\u00e4 n\u00e4kee auringon, keho ihan hengitt\u00e4\u00e4 valoa. Se virtaa keuhkojen pienimp\u00e4\u00e4nkin rakkulaan, vapauttaa hartiat ja kohottaa katseen. Se palauttaa luottamuksen ja uskon kev\u00e4\u00e4n saapumiseen. Siihen kutittavan riemulliseen tunteeseen, kun aurinko paistaa t\u00e4ydelt\u00e4 ter\u00e4lt\u00e4, r\u00e4yst\u00e4\u00e4t tippuvat ja valo on voittanut pimeyden.<\/p>\n<p>Me tarvitsemme Lucian p\u00e4iv\u00e4n ja joulun jo valon kaipuun takia. On niin lohdullista sytytell\u00e4 kynttil\u00f6it\u00e4 ja ripustaa valosarjoja ulos. Samalla ne \u2013 ehk\u00e4 tiedostamattamme &#8211; muistuttavat meit\u00e4, ett\u00e4 valoista voimallisin on meid\u00e4n sis\u00e4ll\u00e4mme.<\/p>\n<p><img decoding=\"async\" alt=\"\" src=\"http:\/\/www.iloversum.fi\/files\/kuntosali\/anna_valosi_loistaa_640x640.jpg\" style=\"width: 640px; height: 640px;\" \/><\/p>\n<p>Er\u00e4\u00e4n\u00e4 iltana mieheni kanssa pys\u00e4hdyimme miettim\u00e4\u00e4n, mink\u00e4laista valoa ihmiset levitt\u00e4v\u00e4t ymp\u00e4rilleen. L\u00f6ysimme yst\u00e4v\u00e4piirist\u00e4mme mm. tarkasti valaisevan taskulampun, l\u00e4mpim\u00e4ll\u00e4 liekill\u00e4 palavan p\u00e4reen, kodin ikkunoista pime\u00e4\u00e4n iltaan loistavan turvallisuuden ja veden pinnalla v\u00e4lkehtiv\u00e4n auringons\u00e4teen.<\/p>\n<p>Sis\u00e4inen liekkimme voi olla pieni tuikku tai s\u00e4dehtiv\u00e4 kruunu, joskus v\u00e4syneen\u00e4 jopa s\u00e4\u00e4st\u00f6hehku. Olkoon se millainen tahansa, annetaan sen palaa. Sill\u00e4 se l\u00e4mmitt\u00e4\u00e4 meit\u00e4 itse\u00e4mme ja valaisee el\u00e4m\u00e4mme. Ja siin\u00e4 sivussa se loistaa muille ja antaa heillekin lohtua. \u00a0<\/p>\n<p>Olkoon sinun valosi juuri sinun n\u00e4k\u00f6isesi. T\u00e4rkeint\u00e4 on, ett\u00e4 annat sen loistaa. Sill\u00e4 sin\u00e4 olet valo pime\u00e4ss\u00e4!<\/p>\n<p>Jouluisin ajatuksin<\/p>\n<p>Auli<\/p>\n<p>ps. Joulukalenterin kuvat by Ida Bragge<\/p>\n<p><span style=\"line-height: 1.6;\">ps. Jos et ole viel\u00e4 Ilon ja onnellisuuden kuntosalin uutiskirjeen tilaaja ja haluat saada s\u00e4hk\u00f6postiisi tiedon aina uudesta, viikoittain vaihtuvasta onnellisuusharjoitteesta, tilaa uutiskirje t\u00e4ll\u00e4 sivulla olevalla lomakkeella.<\/span><\/p>\n","protected":false},"excerpt":{"rendered":"<p>Me tarvitsemme Lucian p\u00e4iv\u00e4n ja joulun jo valon kaipuun takia. On niin lohdullista sytytell\u00e4 kynttil\u00f6it\u00e4 ja ripustaa valosarjoja ulos. Samalla ne \u2013 ehk\u00e4 tiedostamattamme &#8211; muistuttavat meit\u00e4, ett\u00e4 valoista voimallisin on meid\u00e4n sis\u00e4ll\u00e4mme.<\/p>\n","protected":false},"author":1,"featured_media":15591,"comment_status":"open","ping_status":"open","sticky":false,"template":"","format":"standard","meta":{"footnotes":""},"categories":[58],"tags":[65,64,43,44,146,145,113],"class_list":["post-15590","post","type-post","status-publish","format-standard","has-post-thumbnail","hentry","category-ilon-ja-onnellisuuden-kuntosali","tag-joulu","tag-joulukalenteri","tag-mielen-jumppaaminen","tag-onnellisuus","tag-sisainen-valo","tag-valaista","tag-valo","category-58","description-off"],"yoast_head":"<!-- This site is optimized with the Yoast SEO plugin v27.4 - https:\/\/yoast.com\/product\/yoast-seo-wordpress\/ -->\n<title>Joulukalenterin luukku 13: Anna valosi loistaa - Iloversum<\/title>\n<meta name=\"robots\" content=\"index, follow, max-snippet:-1, max-image-preview:large, max-video-preview:-1\" \/>\n<link rel=\"canonical\" href=\"https:\/\/www.iloversum.fi\/fi\/ilon-ja-onnellisuuden-kuntosali\/joulukalenterin-luukku-13-anna-valosi-loistaa\/\" \/>\n<meta property=\"og:locale\" content=\"fi_FI\" \/>\n<meta property=\"og:type\" content=\"article\" \/>\n<meta property=\"og:title\" content=\"Joulukalenterin luukku 13: Anna valosi loistaa - Iloversum\" \/>\n<meta property=\"og:description\" content=\"Me tarvitsemme Lucian p\u00e4iv\u00e4n ja joulun jo valon kaipuun takia. On niin lohdullista sytytell\u00e4 kynttil\u00f6it\u00e4 ja ripustaa valosarjoja ulos. Samalla ne \u2013 ehk\u00e4 tiedostamattamme - muistuttavat meit\u00e4, ett\u00e4 valoista voimallisin on meid\u00e4n sis\u00e4ll\u00e4mme.\" \/>\n<meta property=\"og:url\" content=\"https:\/\/www.iloversum.fi\/fi\/ilon-ja-onnellisuuden-kuntosali\/joulukalenterin-luukku-13-anna-valosi-loistaa\/\" \/>\n<meta property=\"og:site_name\" content=\"Iloversum\" \/>\n<meta property=\"article:published_time\" content=\"2015-12-11T18:48:00+00:00\" \/>\n<meta property=\"article:modified_time\" content=\"2021-07-14T11:47:31+00:00\" \/>\n<meta property=\"og:image\" content=\"https:\/\/www.iloversum.fi\/wp-content\/uploads\/2021\/06\/anna_valosi_loistaa_640x640.jpg\" \/>\n\t<meta property=\"og:image:width\" content=\"640\" \/>\n\t<meta property=\"og:image:height\" content=\"640\" \/>\n\t<meta property=\"og:image:type\" content=\"image\/jpeg\" \/>\n<meta name=\"author\" content=\"admin\" \/>\n<meta name=\"twitter:card\" content=\"summary_large_image\" \/>\n<meta name=\"twitter:label1\" content=\"Kirjoittanut\" \/>\n\t<meta name=\"twitter:data1\" content=\"admin\" \/>\n\t<meta name=\"twitter:label2\" content=\"Arvioitu lukuaika\" \/>\n\t<meta name=\"twitter:data2\" content=\"1 minuutti\" \/>\n<script type=\"application\/ld+json\" class=\"yoast-schema-graph\">{\"@context\":\"https:\\\/\\\/schema.org\",\"@graph\":[{\"@type\":\"Article\",\"@id\":\"https:\\\/\\\/www.iloversum.fi\\\/fi\\\/ilon-ja-onnellisuuden-kuntosali\\\/joulukalenterin-luukku-13-anna-valosi-loistaa\\\/#article\",\"isPartOf\":{\"@id\":\"https:\\\/\\\/www.iloversum.fi\\\/fi\\\/ilon-ja-onnellisuuden-kuntosali\\\/joulukalenterin-luukku-13-anna-valosi-loistaa\\\/\"},\"author\":{\"name\":\"admin\",\"@id\":\"https:\\\/\\\/www.iloversum.fi\\\/fi\\\/#\\\/schema\\\/person\\\/3bca4d6258dde782444fce5777f1809c\"},\"headline\":\"Joulukalenterin luukku 13: Anna valosi loistaa\",\"datePublished\":\"2015-12-11T18:48:00+00:00\",\"dateModified\":\"2021-07-14T11:47:31+00:00\",\"mainEntityOfPage\":{\"@id\":\"https:\\\/\\\/www.iloversum.fi\\\/fi\\\/ilon-ja-onnellisuuden-kuntosali\\\/joulukalenterin-luukku-13-anna-valosi-loistaa\\\/\"},\"wordCount\":291,\"commentCount\":0,\"image\":{\"@id\":\"https:\\\/\\\/www.iloversum.fi\\\/fi\\\/ilon-ja-onnellisuuden-kuntosali\\\/joulukalenterin-luukku-13-anna-valosi-loistaa\\\/#primaryimage\"},\"thumbnailUrl\":\"https:\\\/\\\/www.iloversum.fi\\\/wp-content\\\/uploads\\\/2021\\\/06\\\/anna_valosi_loistaa_640x640.jpg\",\"keywords\":[\"joulu\",\"joulukalenteri\",\"Mielen jumppaaminen\",\"onnellisuus\",\"sis\u00e4inen valo\",\"valaista\",\"valo\"],\"articleSection\":[\"Ilon ja onnellisuuden kuntosali\"],\"inLanguage\":\"fi\",\"potentialAction\":[{\"@type\":\"CommentAction\",\"name\":\"Comment\",\"target\":[\"https:\\\/\\\/www.iloversum.fi\\\/fi\\\/ilon-ja-onnellisuuden-kuntosali\\\/joulukalenterin-luukku-13-anna-valosi-loistaa\\\/#respond\"]}]},{\"@type\":\"WebPage\",\"@id\":\"https:\\\/\\\/www.iloversum.fi\\\/fi\\\/ilon-ja-onnellisuuden-kuntosali\\\/joulukalenterin-luukku-13-anna-valosi-loistaa\\\/\",\"url\":\"https:\\\/\\\/www.iloversum.fi\\\/fi\\\/ilon-ja-onnellisuuden-kuntosali\\\/joulukalenterin-luukku-13-anna-valosi-loistaa\\\/\",\"name\":\"Joulukalenterin luukku 13: Anna valosi loistaa - Iloversum\",\"isPartOf\":{\"@id\":\"https:\\\/\\\/www.iloversum.fi\\\/fi\\\/#website\"},\"primaryImageOfPage\":{\"@id\":\"https:\\\/\\\/www.iloversum.fi\\\/fi\\\/ilon-ja-onnellisuuden-kuntosali\\\/joulukalenterin-luukku-13-anna-valosi-loistaa\\\/#primaryimage\"},\"image\":{\"@id\":\"https:\\\/\\\/www.iloversum.fi\\\/fi\\\/ilon-ja-onnellisuuden-kuntosali\\\/joulukalenterin-luukku-13-anna-valosi-loistaa\\\/#primaryimage\"},\"thumbnailUrl\":\"https:\\\/\\\/www.iloversum.fi\\\/wp-content\\\/uploads\\\/2021\\\/06\\\/anna_valosi_loistaa_640x640.jpg\",\"datePublished\":\"2015-12-11T18:48:00+00:00\",\"dateModified\":\"2021-07-14T11:47:31+00:00\",\"author\":{\"@id\":\"https:\\\/\\\/www.iloversum.fi\\\/fi\\\/#\\\/schema\\\/person\\\/3bca4d6258dde782444fce5777f1809c\"},\"breadcrumb\":{\"@id\":\"https:\\\/\\\/www.iloversum.fi\\\/fi\\\/ilon-ja-onnellisuuden-kuntosali\\\/joulukalenterin-luukku-13-anna-valosi-loistaa\\\/#breadcrumb\"},\"inLanguage\":\"fi\",\"potentialAction\":[{\"@type\":\"ReadAction\",\"target\":[\"https:\\\/\\\/www.iloversum.fi\\\/fi\\\/ilon-ja-onnellisuuden-kuntosali\\\/joulukalenterin-luukku-13-anna-valosi-loistaa\\\/\"]}]},{\"@type\":\"ImageObject\",\"inLanguage\":\"fi\",\"@id\":\"https:\\\/\\\/www.iloversum.fi\\\/fi\\\/ilon-ja-onnellisuuden-kuntosali\\\/joulukalenterin-luukku-13-anna-valosi-loistaa\\\/#primaryimage\",\"url\":\"https:\\\/\\\/www.iloversum.fi\\\/wp-content\\\/uploads\\\/2021\\\/06\\\/anna_valosi_loistaa_640x640.jpg\",\"contentUrl\":\"https:\\\/\\\/www.iloversum.fi\\\/wp-content\\\/uploads\\\/2021\\\/06\\\/anna_valosi_loistaa_640x640.jpg\",\"width\":640,\"height\":640},{\"@type\":\"BreadcrumbList\",\"@id\":\"https:\\\/\\\/www.iloversum.fi\\\/fi\\\/ilon-ja-onnellisuuden-kuntosali\\\/joulukalenterin-luukku-13-anna-valosi-loistaa\\\/#breadcrumb\",\"itemListElement\":[{\"@type\":\"ListItem\",\"position\":1,\"name\":\"Etusivu\",\"item\":\"https:\\\/\\\/www.iloversum.fi\\\/fi\\\/\"},{\"@type\":\"ListItem\",\"position\":2,\"name\":\"Joulukalenterin luukku 13: Anna valosi loistaa\"}]},{\"@type\":\"WebSite\",\"@id\":\"https:\\\/\\\/www.iloversum.fi\\\/fi\\\/#website\",\"url\":\"https:\\\/\\\/www.iloversum.fi\\\/fi\\\/\",\"name\":\"Iloversum\",\"description\":\"Iloversum\",\"potentialAction\":[{\"@type\":\"SearchAction\",\"target\":{\"@type\":\"EntryPoint\",\"urlTemplate\":\"https:\\\/\\\/www.iloversum.fi\\\/fi\\\/?s={search_term_string}\"},\"query-input\":{\"@type\":\"PropertyValueSpecification\",\"valueRequired\":true,\"valueName\":\"search_term_string\"}}],\"inLanguage\":\"fi\"},{\"@type\":\"Person\",\"@id\":\"https:\\\/\\\/www.iloversum.fi\\\/fi\\\/#\\\/schema\\\/person\\\/3bca4d6258dde782444fce5777f1809c\",\"name\":\"admin\",\"image\":{\"@type\":\"ImageObject\",\"inLanguage\":\"fi\",\"@id\":\"https:\\\/\\\/secure.gravatar.com\\\/avatar\\\/7aec815e6b030beaccea83cc51e0b490a60474eb7b157f25e736f503a63b9938?s=96&d=mm&r=g\",\"url\":\"https:\\\/\\\/secure.gravatar.com\\\/avatar\\\/7aec815e6b030beaccea83cc51e0b490a60474eb7b157f25e736f503a63b9938?s=96&d=mm&r=g\",\"contentUrl\":\"https:\\\/\\\/secure.gravatar.com\\\/avatar\\\/7aec815e6b030beaccea83cc51e0b490a60474eb7b157f25e736f503a63b9938?s=96&d=mm&r=g\",\"caption\":\"admin\"},\"url\":\"https:\\\/\\\/www.iloversum.fi\\\/fi\\\/author\\\/admin\\\/\"}]}<\/script>\n<!-- \/ Yoast SEO plugin. -->","yoast_head_json":{"title":"Joulukalenterin luukku 13: Anna valosi loistaa - Iloversum","robots":{"index":"index","follow":"follow","max-snippet":"max-snippet:-1","max-image-preview":"max-image-preview:large","max-video-preview":"max-video-preview:-1"},"canonical":"https:\/\/www.iloversum.fi\/fi\/ilon-ja-onnellisuuden-kuntosali\/joulukalenterin-luukku-13-anna-valosi-loistaa\/","og_locale":"fi_FI","og_type":"article","og_title":"Joulukalenterin luukku 13: Anna valosi loistaa - Iloversum","og_description":"Me tarvitsemme Lucian p\u00e4iv\u00e4n ja joulun jo valon kaipuun takia. On niin lohdullista sytytell\u00e4 kynttil\u00f6it\u00e4 ja ripustaa valosarjoja ulos. Samalla ne \u2013 ehk\u00e4 tiedostamattamme - muistuttavat meit\u00e4, ett\u00e4 valoista voimallisin on meid\u00e4n sis\u00e4ll\u00e4mme.","og_url":"https:\/\/www.iloversum.fi\/fi\/ilon-ja-onnellisuuden-kuntosali\/joulukalenterin-luukku-13-anna-valosi-loistaa\/","og_site_name":"Iloversum","article_published_time":"2015-12-11T18:48:00+00:00","article_modified_time":"2021-07-14T11:47:31+00:00","og_image":[{"width":640,"height":640,"url":"https:\/\/www.iloversum.fi\/wp-content\/uploads\/2021\/06\/anna_valosi_loistaa_640x640.jpg","type":"image\/jpeg"}],"author":"admin","twitter_card":"summary_large_image","twitter_misc":{"Kirjoittanut":"admin","Arvioitu lukuaika":"1 minuutti"},"schema":{"@context":"https:\/\/schema.org","@graph":[{"@type":"Article","@id":"https:\/\/www.iloversum.fi\/fi\/ilon-ja-onnellisuuden-kuntosali\/joulukalenterin-luukku-13-anna-valosi-loistaa\/#article","isPartOf":{"@id":"https:\/\/www.iloversum.fi\/fi\/ilon-ja-onnellisuuden-kuntosali\/joulukalenterin-luukku-13-anna-valosi-loistaa\/"},"author":{"name":"admin","@id":"https:\/\/www.iloversum.fi\/fi\/#\/schema\/person\/3bca4d6258dde782444fce5777f1809c"},"headline":"Joulukalenterin luukku 13: Anna valosi loistaa","datePublished":"2015-12-11T18:48:00+00:00","dateModified":"2021-07-14T11:47:31+00:00","mainEntityOfPage":{"@id":"https:\/\/www.iloversum.fi\/fi\/ilon-ja-onnellisuuden-kuntosali\/joulukalenterin-luukku-13-anna-valosi-loistaa\/"},"wordCount":291,"commentCount":0,"image":{"@id":"https:\/\/www.iloversum.fi\/fi\/ilon-ja-onnellisuuden-kuntosali\/joulukalenterin-luukku-13-anna-valosi-loistaa\/#primaryimage"},"thumbnailUrl":"https:\/\/www.iloversum.fi\/wp-content\/uploads\/2021\/06\/anna_valosi_loistaa_640x640.jpg","keywords":["joulu","joulukalenteri","Mielen jumppaaminen","onnellisuus","sis\u00e4inen valo","valaista","valo"],"articleSection":["Ilon ja onnellisuuden kuntosali"],"inLanguage":"fi","potentialAction":[{"@type":"CommentAction","name":"Comment","target":["https:\/\/www.iloversum.fi\/fi\/ilon-ja-onnellisuuden-kuntosali\/joulukalenterin-luukku-13-anna-valosi-loistaa\/#respond"]}]},{"@type":"WebPage","@id":"https:\/\/www.iloversum.fi\/fi\/ilon-ja-onnellisuuden-kuntosali\/joulukalenterin-luukku-13-anna-valosi-loistaa\/","url":"https:\/\/www.iloversum.fi\/fi\/ilon-ja-onnellisuuden-kuntosali\/joulukalenterin-luukku-13-anna-valosi-loistaa\/","name":"Joulukalenterin luukku 13: Anna valosi loistaa - Iloversum","isPartOf":{"@id":"https:\/\/www.iloversum.fi\/fi\/#website"},"primaryImageOfPage":{"@id":"https:\/\/www.iloversum.fi\/fi\/ilon-ja-onnellisuuden-kuntosali\/joulukalenterin-luukku-13-anna-valosi-loistaa\/#primaryimage"},"image":{"@id":"https:\/\/www.iloversum.fi\/fi\/ilon-ja-onnellisuuden-kuntosali\/joulukalenterin-luukku-13-anna-valosi-loistaa\/#primaryimage"},"thumbnailUrl":"https:\/\/www.iloversum.fi\/wp-content\/uploads\/2021\/06\/anna_valosi_loistaa_640x640.jpg","datePublished":"2015-12-11T18:48:00+00:00","dateModified":"2021-07-14T11:47:31+00:00","author":{"@id":"https:\/\/www.iloversum.fi\/fi\/#\/schema\/person\/3bca4d6258dde782444fce5777f1809c"},"breadcrumb":{"@id":"https:\/\/www.iloversum.fi\/fi\/ilon-ja-onnellisuuden-kuntosali\/joulukalenterin-luukku-13-anna-valosi-loistaa\/#breadcrumb"},"inLanguage":"fi","potentialAction":[{"@type":"ReadAction","target":["https:\/\/www.iloversum.fi\/fi\/ilon-ja-onnellisuuden-kuntosali\/joulukalenterin-luukku-13-anna-valosi-loistaa\/"]}]},{"@type":"ImageObject","inLanguage":"fi","@id":"https:\/\/www.iloversum.fi\/fi\/ilon-ja-onnellisuuden-kuntosali\/joulukalenterin-luukku-13-anna-valosi-loistaa\/#primaryimage","url":"https:\/\/www.iloversum.fi\/wp-content\/uploads\/2021\/06\/anna_valosi_loistaa_640x640.jpg","contentUrl":"https:\/\/www.iloversum.fi\/wp-content\/uploads\/2021\/06\/anna_valosi_loistaa_640x640.jpg","width":640,"height":640},{"@type":"BreadcrumbList","@id":"https:\/\/www.iloversum.fi\/fi\/ilon-ja-onnellisuuden-kuntosali\/joulukalenterin-luukku-13-anna-valosi-loistaa\/#breadcrumb","itemListElement":[{"@type":"ListItem","position":1,"name":"Etusivu","item":"https:\/\/www.iloversum.fi\/fi\/"},{"@type":"ListItem","position":2,"name":"Joulukalenterin luukku 13: Anna valosi loistaa"}]},{"@type":"WebSite","@id":"https:\/\/www.iloversum.fi\/fi\/#website","url":"https:\/\/www.iloversum.fi\/fi\/","name":"Iloversum","description":"Iloversum","potentialAction":[{"@type":"SearchAction","target":{"@type":"EntryPoint","urlTemplate":"https:\/\/www.iloversum.fi\/fi\/?s={search_term_string}"},"query-input":{"@type":"PropertyValueSpecification","valueRequired":true,"valueName":"search_term_string"}}],"inLanguage":"fi"},{"@type":"Person","@id":"https:\/\/www.iloversum.fi\/fi\/#\/schema\/person\/3bca4d6258dde782444fce5777f1809c","name":"admin","image":{"@type":"ImageObject","inLanguage":"fi","@id":"https:\/\/secure.gravatar.com\/avatar\/7aec815e6b030beaccea83cc51e0b490a60474eb7b157f25e736f503a63b9938?s=96&d=mm&r=g","url":"https:\/\/secure.gravatar.com\/avatar\/7aec815e6b030beaccea83cc51e0b490a60474eb7b157f25e736f503a63b9938?s=96&d=mm&r=g","contentUrl":"https:\/\/secure.gravatar.com\/avatar\/7aec815e6b030beaccea83cc51e0b490a60474eb7b157f25e736f503a63b9938?s=96&d=mm&r=g","caption":"admin"},"url":"https:\/\/www.iloversum.fi\/fi\/author\/admin\/"}]}},"_links":{"self":[{"href":"https:\/\/www.iloversum.fi\/fi\/wp-json\/wp\/v2\/posts\/15590","targetHints":{"allow":["GET"]}}],"collection":[{"href":"https:\/\/www.iloversum.fi\/fi\/wp-json\/wp\/v2\/posts"}],"about":[{"href":"https:\/\/www.iloversum.fi\/fi\/wp-json\/wp\/v2\/types\/post"}],"author":[{"embeddable":true,"href":"https:\/\/www.iloversum.fi\/fi\/wp-json\/wp\/v2\/users\/1"}],"replies":[{"embeddable":true,"href":"https:\/\/www.iloversum.fi\/fi\/wp-json\/wp\/v2\/comments?post=15590"}],"version-history":[{"count":1,"href":"https:\/\/www.iloversum.fi\/fi\/wp-json\/wp\/v2\/posts\/15590\/revisions"}],"predecessor-version":[{"id":15937,"href":"https:\/\/www.iloversum.fi\/fi\/wp-json\/wp\/v2\/posts\/15590\/revisions\/15937"}],"wp:featuredmedia":[{"embeddable":true,"href":"https:\/\/www.iloversum.fi\/fi\/wp-json\/wp\/v2\/media\/15591"}],"wp:attachment":[{"href":"https:\/\/www.iloversum.fi\/fi\/wp-json\/wp\/v2\/media?parent=15590"}],"wp:term":[{"taxonomy":"category","embeddable":true,"href":"https:\/\/www.iloversum.fi\/fi\/wp-json\/wp\/v2\/categories?post=15590"},{"taxonomy":"post_tag","embeddable":true,"href":"https:\/\/www.iloversum.fi\/fi\/wp-json\/wp\/v2\/tags?post=15590"}],"curies":[{"name":"wp","href":"https:\/\/api.w.org\/{rel}","templated":true}]}}