{"id":15735,"date":"2017-03-10T14:52:00","date_gmt":"2017-03-10T14:52:00","guid":{"rendered":"http:\/\/31.217.192.104\/~iloversu\/uncategorized\/muistatko-kuka-olet-yksinasi-ilman-nimea\/"},"modified":"2021-07-14T11:45:45","modified_gmt":"2021-07-14T11:45:45","slug":"muistatko-kuka-olet-yksinasi-ilman-nimea","status":"publish","type":"post","link":"https:\/\/www.iloversum.fi\/fi\/ilon-ja-onnellisuuden-kuntosali\/muistatko-kuka-olet-yksinasi-ilman-nimea\/","title":{"rendered":"Muistatko, kuka olet? Yksin\u00e4si, ilman nime\u00e4?"},"content":{"rendered":"<p>Hyv\u00e4 yst\u00e4v\u00e4ni,<\/p>\n<p>Kuka sin\u00e4 olet, sin\u00e4 yksin\u00e4si, ilman nime\u00e4? T\u00e4m\u00e4 kysymys pys\u00e4ytti minut totaalisesti vuosia sitten lukiessani nuorena naisena ensimm\u00e4ist\u00e4 kertaa kirjaa Taru sormusten herrasta. Se sai minut vuosiksi pohtimaan, kuka min\u00e4 oikeastaan olen.<\/p>\n<p>Olin aiemmin <strong>m\u00e4\u00e4ritellyt itseni el\u00e4m\u00e4ss\u00e4ni olevien ihmissuhteiden kautta.<\/strong> Olin tyt\u00e4r, olin vaimo, olin yst\u00e4v\u00e4 ja olin kummit\u00e4ti. Mutta jos en saa ottaa muita ihmisi\u00e4 huomioon, niin kuka oikeasti olen? Tiesin, ett\u00e4 lapsi tarvitsee kehitty\u00e4kseen muita ihmisi\u00e4. Koska muut ihmiset toimivat h\u00e4nelle peilin\u00e4, jonka avulla h\u00e4n rakentaa identiteetti\u00e4\u00e4n. Mutta olin jo aikuinen. Tarvitsinko siis yh\u00e4 peili\u00e4 tiet\u00e4\u00e4kseni, kuka min\u00e4 olen?<\/p>\n<p>Yht\u00e4 lailla saatoin m\u00e4\u00e4ritell\u00e4 itseni <strong>ammattini tai tekemisieni kautta<\/strong>. Olin opiskelija, olin puheterapeutti ja olin sunnuntaimaalari. Rooleja, joihin oli helppo samaistua. Mutta eih\u00e4n minuutemme muutu, jos ammattimme tai harrastuksemme vaihtuvat. Toisin sanoen tekemiseni ei voi kertoa, kuka min\u00e4 oikeasti olen.<\/p>\n<p><strong>Yritin l\u00f6yt\u00e4\u00e4 minuuttani my\u00f6s kuvailemalla itse\u00e4ni<\/strong>. Olin avoin, aktiivinen ja sosiaalinen. Meill\u00e4 jokaisella on paljon hyvi\u00e4 luonteenvahvuuksia, joihin voimme samaistua. Mutta nuo luonteenpiirteet vain m\u00e4\u00e4rittelev\u00e4t sit\u00e4, joka on jo olemassa. Kuka siis on se, joka on avoin ja sosiaalinen?<\/p>\n<p><img decoding=\"async\" alt=\"\" src=\"http:\/\/www.iloversum.fi\/files\/kuntosali\/kuka_olet_nainen_kavelee_rannalla_640.jpg\" style=\"width: 640px; height: 427px;\" \/><\/p>\n<p>Usein puhuessamme kehostamme viittaamme siihen min\u00e4n\u00e4. <strong><em>Olenpa min\u00e4 v\u00e4syneen n\u00e4k\u00f6inen! Min\u00e4 olen nyt punatukkainen. Voi ei, miten min\u00e4 olen lihonut!<\/em><\/strong> Saatamme jopa uskoa, mit\u00e4 sanomme, ja siten vaikutamme mielialaamme. Mutta jos vaihdan hiusteni v\u00e4ri\u00e4 tai jos laihdun, niin minuuteni ei muutu mihink\u00e4\u00e4n. <strong>Se, kuka olen, ei siis ole kehoni<\/strong>.<\/p>\n<p>Sama juttu on ajatustemme kanssa. Ajatuksemme tuntuvat tulevan jostakin niin l\u00e4helt\u00e4, ett\u00e4 niihin on helppo samaistua. Pit\u00e4\u00e4 niit\u00e4 osana minuuttaan. Mutta ent\u00e4 jos vaihdan mielipiteeni? Jos ryhdyn ajattelemaan asioita toisin, ei minuuteni muutu. \u00a0<strong>Joten ajatuksenikaan ei ole se, kuka olen.<\/strong><\/p>\n<p>Kielen rakenteet saavat meid\u00e4t samaistumaan my\u00f6s tunteisiimme. <strong><em>Milloin min\u00e4 olen iloinen, milloin surullinen tai pettynyt<\/em><\/strong>. Tunteet ovatkin usein niin vahvoja, ett\u00e4 koemme olevamme yht\u00e4 tunteittemme kanssa. Ik\u00e4\u00e4n kuin olisimme tunteittemme sis\u00e4ll\u00e4. Silloin on vaikea n\u00e4hd\u00e4, mikseiv\u00e4t tunteet voisi olla minuutta. Mutta lopputulos on j\u00e4lleen sama kuin aiemmin: <strong>minuus ei vaihdu, vaikka tunnetila vaihtuu.<\/strong><\/p>\n<p>Lis\u00e4ksi k\u00e4yt\u00e4mme omistusmuotoa puhuessamme tunteistamme tai ajatuksistamme, kuten minun tunteeni tai sinun ajatuksesi. T\u00e4ll\u00f6in \u2013 ihan kieliopillisesti- minuus omistajana ei voi olla sama kuin omistettava.<\/p>\n<p><img decoding=\"async\" alt=\"\" src=\"http:\/\/www.iloversum.fi\/files\/kuntosali\/kuka_olet_varpaat_hiekassa640_.jpg\" style=\"width: 640px; height: 427px;\" \/><\/p>\n<h3>Kuka minuuteni on?<\/h3>\n<p>Jokainen meist\u00e4 tiet\u00e4\u00e4 sisimm\u00e4ss\u00e4\u00e4n, ett\u00e4 <strong>minuus on jotain pysyv\u00e4\u00e4 pysyv\u00e4mp\u00e4\u00e4<\/strong> kuin hiusten v\u00e4ri, mielipide tai tunnetila. Minuutemme ei muutu edes vuosien saatossa. Tapamme toimia ja reagoida saattaa muuttua, mutta sis\u00e4ll\u00e4mme on aina sama minuus. Kuka siis on tuo minuus?<\/p>\n<p>Vuosien pohtimisen j\u00e4lkeen l\u00f6ysin vastauksen kysymykseen: <strong><em>Min\u00e4 olen min\u00e4! Ainoastaan min\u00e4 enk\u00e4 mit\u00e4\u00e4n muuta.<\/em><\/strong><\/p>\n<p>Minuutta on l\u00e4hes mahdoton kuvailla sanoilla. Se tuntuu olevan sanojen ja kuvailuiden yl\u00e4puolella. My\u00f6sk\u00e4\u00e4n tunteet eiv\u00e4t ylety todelliseen minuuteen. Harmonia ja mielenrauha ovat ehk\u00e4 l\u00e4himp\u00e4n\u00e4 sit\u00e4 olotilaa, jonka olen omassa todellisessa minuudessani kokenut virtaavan.<\/p>\n<p style=\"margin-left: 40px;\"><strong>Uskon minuutemme olevan jonkinlaista energiaa, joka muodostuu puhtaasta rakkaudesta ja onnellisuudesta. Mielikuvissani meid\u00e4n jokaisen minuus soi tuota rakkautta ja onnellisuutta kunkin omana kauniina s\u00e4velen\u00e4\u00e4n, jonka aistimme ja josta sen tunnistamme.<\/strong><\/p>\n<p>Vaikka minuutenne ei muutu, niin saatamme kokea ihmisin\u00e4 kehittyv\u00e4n tai kasvavan. Minullakin on ollut toiveena kasvaa siksi ihmiseksi, joksi minut on tarkoitettu t\u00e4nne olemaan. Siis olemaan enemm\u00e4n todellisen min\u00e4ni kaltainen. Niinp\u00e4 ego-min\u00e4ni on vimmatusti yritt\u00e4nyt kasvattaa ja kouluttaa minusta parempaa ihmist\u00e4. Mutta nykyisin ymm\u00e4rr\u00e4n, ett\u00e4 kasvu ja kehittyminen eiv\u00e4t tarkoita itseni muuttamista paremmaksi. <strong>Vaan uskallusta antautua l\u00e4hemm\u00e4s aitoa itse\u00e4ni, aitoa todellista minuuttani.<\/strong><\/p>\n<p>Todellisen minuutemme ei tarvitse kasvaa tai kehitty\u00e4. Se on olemassaan ehj\u00e4, kaunis ja onnellinen. Ollaksemme yhteydess\u00e4 tuohon todelliseen minuutemme, meid\u00e4n tarvitsee ainoastaan hyv\u00e4ksy\u00e4 sen olemassaolo.<strong> Antautua olemaan juuri se min\u00e4, kuka min\u00e4 olen. Kaikessa kauneudessaan.<\/strong><\/p>\n<p><strong><img decoding=\"async\" alt=\"\" src=\"http:\/\/www.iloversum.fi\/files\/kuntosali\/kuka_olet_kukka_sormissa_640.jpg\" style=\"width: 640px; height: 427px;\" \/><\/strong><\/p>\n<h3>Minuutesi kauneudelle antautuminen<\/h3>\n<p>T\u00e4ss\u00e4 yksi tavoistani kytkeyty\u00e4 omaan todelliseen minuuteeni.<\/p>\n<p style=\"margin-left: 40px;\"><strong>Rauhoitu hetkeksi<\/strong> istumaan tai halutessasi voi jopa k\u00e4yd\u00e4 makuulle.<\/p>\n<p style=\"margin-left: 40px;\"><strong>Sulje silm\u00e4si<\/strong> ja tunne, miten lattia, tuoli tai s\u00e4nky tukee ja kannattaa sinua ja kehoasi.<\/p>\n<p style=\"margin-left: 40px;\">L\u00e4hde hengitt\u00e4m\u00e4\u00e4n hyvin rauhallisesti syv\u00e4\u00e4n sis\u00e4lle ja puhalla sitten pitk\u00e4\u00e4n ja rauhallisesti ulos. <strong>Toista rauhallinen syv\u00e4hengitys muutaman kerran<\/strong>. Samalla kaikki kiire ja stressi purkautuu uloshengityksen mukana ulos ja sis\u00e4\u00e4n hengityksell\u00e4 rauha virtaa sis\u00e4\u00e4si.<\/p>\n<p style=\"margin-left: 40px;\">Muutaman syv\u00e4hengityksen j\u00e4lkeen jatka hengitt\u00e4mist\u00e4 t\u00e4ysin vapaasti, omassa rytmiss\u00e4si.<\/p>\n<p style=\"margin-left: 40px;\"><strong>Toista mieless\u00e4si hengityksen rytmiin:<\/strong> <strong><em>Tied\u00e4n ja muistan kuka olen<\/em><\/strong>. Jos huomaat ajattelevasi jotain muuta, palaa toistamaan mieless\u00e4si tuota lausetta.<\/p>\n<p style=\"margin-left: 40px;\">Kuvittele, miten <strong>kauneus, harmonia ja rakkaus ymp\u00e4r\u00f6i sinut.<\/strong> Ja miten sulaudut tuohon kauneuteen, harmoniaan ja rakkauteen. Olet kauneutta, harmoniaa ja rakkautta. \u00a0<\/p>\n<p style=\"margin-left: 40px;\">Nauti olotilastasi niin kauan kun haluat.<\/p>\n<p>Halutessasi voi jatkaa harjoitusta maalaamalla tai v\u00e4ritt\u00e4m\u00e4ll\u00e4 todellisen minuutesi v\u00e4rej\u00e4 ja kauneutta onnellisuusp\u00e4iv\u00e4kirjaasi. My\u00f6hemmin kuvaa katsoessasi kytkeydyt kerta kerralta helpommin todelliseen minuuteesi.<\/p>\n<p>Todellinen minuus on kuin keidas hiekka-aavikon keskell\u00e4. Nauti siit\u00e4 mahdollisimman usein.<\/p>\n<p>Rakastavin terveisin<br \/> Auli<\/p>\n<p>Ps. Aikaa itselle ei ole turha toive. Sill\u00e4 matka minuuteen on matka onnellisuuteen!<br \/> <strong>Tule mukaan Portti onnelliseen minuuteen \u2013verkkokurssille!<\/strong> Lue lis\u00e4\u00e4 <a href=\"https:\/\/iloversum.leadpages.co\/portti-onnelliseen-minuuteen-ioks\/\">t\u00e4\u00e4lt\u00e4<\/a> ja ilmoittaudu mukaan <3<\/p>\n","protected":false},"excerpt":{"rendered":"<p>T\u00e4m\u00e4 kysymys pys\u00e4ytti minut totaalisesti nuorena naisena vuosia sitten. Se sai minut vuosiksi etsim\u00e4\u00e4n vastausta ja pohtimaan, kuka min\u00e4 oikeastaan olen. Ja miten l\u00f6yd\u00e4n todellisen minuuteni?<\/p>\n","protected":false},"author":1,"featured_media":15736,"comment_status":"open","ping_status":"open","sticky":false,"template":"","format":"standard","meta":{"footnotes":""},"categories":[58],"tags":[162,305,43,123,44,59,297],"class_list":["post-15735","post","type-post","status-publish","format-standard","has-post-thumbnail","hentry","category-ilon-ja-onnellisuuden-kuntosali","tag-aitous","tag-kuka-olen","tag-mielen-jumppaaminen","tag-minuus","tag-onnellisuus","tag-onnellisuusharjoitteet","tag-todellinen-minuus","category-58","description-off"],"yoast_head":"<!-- This site is optimized with the Yoast SEO plugin v27.4 - https:\/\/yoast.com\/product\/yoast-seo-wordpress\/ -->\n<title>Muistatko, kuka olet? Yksin\u00e4si, ilman nime\u00e4? - Iloversum<\/title>\n<meta name=\"robots\" content=\"index, follow, max-snippet:-1, max-image-preview:large, max-video-preview:-1\" \/>\n<link rel=\"canonical\" href=\"https:\/\/www.iloversum.fi\/fi\/ilon-ja-onnellisuuden-kuntosali\/muistatko-kuka-olet-yksinasi-ilman-nimea\/\" \/>\n<meta property=\"og:locale\" content=\"fi_FI\" \/>\n<meta property=\"og:type\" content=\"article\" \/>\n<meta property=\"og:title\" content=\"Muistatko, kuka olet? Yksin\u00e4si, ilman nime\u00e4? - Iloversum\" \/>\n<meta property=\"og:description\" content=\"T\u00e4m\u00e4 kysymys pys\u00e4ytti minut totaalisesti nuorena naisena vuosia sitten. Se sai minut vuosiksi etsim\u00e4\u00e4n vastausta ja pohtimaan, kuka min\u00e4 oikeastaan olen. Ja miten l\u00f6yd\u00e4n todellisen minuuteni?\" \/>\n<meta property=\"og:url\" content=\"https:\/\/www.iloversum.fi\/fi\/ilon-ja-onnellisuuden-kuntosali\/muistatko-kuka-olet-yksinasi-ilman-nimea\/\" \/>\n<meta property=\"og:site_name\" content=\"Iloversum\" \/>\n<meta property=\"article:published_time\" content=\"2017-03-10T14:52:00+00:00\" \/>\n<meta property=\"article:modified_time\" content=\"2021-07-14T11:45:45+00:00\" \/>\n<meta property=\"og:image\" content=\"https:\/\/www.iloversum.fi\/wp-content\/uploads\/2021\/06\/kuka_olet_kukka_sormissa_640.jpg\" \/>\n\t<meta property=\"og:image:width\" content=\"640\" \/>\n\t<meta property=\"og:image:height\" content=\"427\" \/>\n\t<meta property=\"og:image:type\" content=\"image\/jpeg\" \/>\n<meta name=\"author\" content=\"admin\" \/>\n<meta name=\"twitter:card\" content=\"summary_large_image\" \/>\n<meta name=\"twitter:label1\" content=\"Kirjoittanut\" \/>\n\t<meta name=\"twitter:data1\" content=\"admin\" \/>\n\t<meta name=\"twitter:label2\" content=\"Arvioitu lukuaika\" \/>\n\t<meta name=\"twitter:data2\" content=\"4 minuuttia\" \/>\n<script type=\"application\/ld+json\" class=\"yoast-schema-graph\">{\"@context\":\"https:\\\/\\\/schema.org\",\"@graph\":[{\"@type\":\"Article\",\"@id\":\"https:\\\/\\\/www.iloversum.fi\\\/fi\\\/ilon-ja-onnellisuuden-kuntosali\\\/muistatko-kuka-olet-yksinasi-ilman-nimea\\\/#article\",\"isPartOf\":{\"@id\":\"https:\\\/\\\/www.iloversum.fi\\\/fi\\\/ilon-ja-onnellisuuden-kuntosali\\\/muistatko-kuka-olet-yksinasi-ilman-nimea\\\/\"},\"author\":{\"name\":\"admin\",\"@id\":\"https:\\\/\\\/www.iloversum.fi\\\/fi\\\/#\\\/schema\\\/person\\\/3bca4d6258dde782444fce5777f1809c\"},\"headline\":\"Muistatko, kuka olet? Yksin\u00e4si, ilman nime\u00e4?\",\"datePublished\":\"2017-03-10T14:52:00+00:00\",\"dateModified\":\"2021-07-14T11:45:45+00:00\",\"mainEntityOfPage\":{\"@id\":\"https:\\\/\\\/www.iloversum.fi\\\/fi\\\/ilon-ja-onnellisuuden-kuntosali\\\/muistatko-kuka-olet-yksinasi-ilman-nimea\\\/\"},\"wordCount\":853,\"commentCount\":0,\"image\":{\"@id\":\"https:\\\/\\\/www.iloversum.fi\\\/fi\\\/ilon-ja-onnellisuuden-kuntosali\\\/muistatko-kuka-olet-yksinasi-ilman-nimea\\\/#primaryimage\"},\"thumbnailUrl\":\"https:\\\/\\\/www.iloversum.fi\\\/wp-content\\\/uploads\\\/2021\\\/06\\\/kuka_olet_kukka_sormissa_640.jpg\",\"keywords\":[\"aitous\",\"kuka olen\",\"Mielen jumppaaminen\",\"minuus\",\"onnellisuus\",\"onnellisuusharjoitteet\",\"todellinen minuus\"],\"articleSection\":[\"Ilon ja onnellisuuden kuntosali\"],\"inLanguage\":\"fi\",\"potentialAction\":[{\"@type\":\"CommentAction\",\"name\":\"Comment\",\"target\":[\"https:\\\/\\\/www.iloversum.fi\\\/fi\\\/ilon-ja-onnellisuuden-kuntosali\\\/muistatko-kuka-olet-yksinasi-ilman-nimea\\\/#respond\"]}]},{\"@type\":\"WebPage\",\"@id\":\"https:\\\/\\\/www.iloversum.fi\\\/fi\\\/ilon-ja-onnellisuuden-kuntosali\\\/muistatko-kuka-olet-yksinasi-ilman-nimea\\\/\",\"url\":\"https:\\\/\\\/www.iloversum.fi\\\/fi\\\/ilon-ja-onnellisuuden-kuntosali\\\/muistatko-kuka-olet-yksinasi-ilman-nimea\\\/\",\"name\":\"Muistatko, kuka olet? Yksin\u00e4si, ilman nime\u00e4? - Iloversum\",\"isPartOf\":{\"@id\":\"https:\\\/\\\/www.iloversum.fi\\\/fi\\\/#website\"},\"primaryImageOfPage\":{\"@id\":\"https:\\\/\\\/www.iloversum.fi\\\/fi\\\/ilon-ja-onnellisuuden-kuntosali\\\/muistatko-kuka-olet-yksinasi-ilman-nimea\\\/#primaryimage\"},\"image\":{\"@id\":\"https:\\\/\\\/www.iloversum.fi\\\/fi\\\/ilon-ja-onnellisuuden-kuntosali\\\/muistatko-kuka-olet-yksinasi-ilman-nimea\\\/#primaryimage\"},\"thumbnailUrl\":\"https:\\\/\\\/www.iloversum.fi\\\/wp-content\\\/uploads\\\/2021\\\/06\\\/kuka_olet_kukka_sormissa_640.jpg\",\"datePublished\":\"2017-03-10T14:52:00+00:00\",\"dateModified\":\"2021-07-14T11:45:45+00:00\",\"author\":{\"@id\":\"https:\\\/\\\/www.iloversum.fi\\\/fi\\\/#\\\/schema\\\/person\\\/3bca4d6258dde782444fce5777f1809c\"},\"breadcrumb\":{\"@id\":\"https:\\\/\\\/www.iloversum.fi\\\/fi\\\/ilon-ja-onnellisuuden-kuntosali\\\/muistatko-kuka-olet-yksinasi-ilman-nimea\\\/#breadcrumb\"},\"inLanguage\":\"fi\",\"potentialAction\":[{\"@type\":\"ReadAction\",\"target\":[\"https:\\\/\\\/www.iloversum.fi\\\/fi\\\/ilon-ja-onnellisuuden-kuntosali\\\/muistatko-kuka-olet-yksinasi-ilman-nimea\\\/\"]}]},{\"@type\":\"ImageObject\",\"inLanguage\":\"fi\",\"@id\":\"https:\\\/\\\/www.iloversum.fi\\\/fi\\\/ilon-ja-onnellisuuden-kuntosali\\\/muistatko-kuka-olet-yksinasi-ilman-nimea\\\/#primaryimage\",\"url\":\"https:\\\/\\\/www.iloversum.fi\\\/wp-content\\\/uploads\\\/2021\\\/06\\\/kuka_olet_kukka_sormissa_640.jpg\",\"contentUrl\":\"https:\\\/\\\/www.iloversum.fi\\\/wp-content\\\/uploads\\\/2021\\\/06\\\/kuka_olet_kukka_sormissa_640.jpg\",\"width\":640,\"height\":427},{\"@type\":\"BreadcrumbList\",\"@id\":\"https:\\\/\\\/www.iloversum.fi\\\/fi\\\/ilon-ja-onnellisuuden-kuntosali\\\/muistatko-kuka-olet-yksinasi-ilman-nimea\\\/#breadcrumb\",\"itemListElement\":[{\"@type\":\"ListItem\",\"position\":1,\"name\":\"Etusivu\",\"item\":\"https:\\\/\\\/www.iloversum.fi\\\/fi\\\/\"},{\"@type\":\"ListItem\",\"position\":2,\"name\":\"Muistatko, kuka olet? Yksin\u00e4si, ilman nime\u00e4?\"}]},{\"@type\":\"WebSite\",\"@id\":\"https:\\\/\\\/www.iloversum.fi\\\/fi\\\/#website\",\"url\":\"https:\\\/\\\/www.iloversum.fi\\\/fi\\\/\",\"name\":\"Iloversum\",\"description\":\"Iloversum\",\"potentialAction\":[{\"@type\":\"SearchAction\",\"target\":{\"@type\":\"EntryPoint\",\"urlTemplate\":\"https:\\\/\\\/www.iloversum.fi\\\/fi\\\/?s={search_term_string}\"},\"query-input\":{\"@type\":\"PropertyValueSpecification\",\"valueRequired\":true,\"valueName\":\"search_term_string\"}}],\"inLanguage\":\"fi\"},{\"@type\":\"Person\",\"@id\":\"https:\\\/\\\/www.iloversum.fi\\\/fi\\\/#\\\/schema\\\/person\\\/3bca4d6258dde782444fce5777f1809c\",\"name\":\"admin\",\"image\":{\"@type\":\"ImageObject\",\"inLanguage\":\"fi\",\"@id\":\"https:\\\/\\\/secure.gravatar.com\\\/avatar\\\/7aec815e6b030beaccea83cc51e0b490a60474eb7b157f25e736f503a63b9938?s=96&d=mm&r=g\",\"url\":\"https:\\\/\\\/secure.gravatar.com\\\/avatar\\\/7aec815e6b030beaccea83cc51e0b490a60474eb7b157f25e736f503a63b9938?s=96&d=mm&r=g\",\"contentUrl\":\"https:\\\/\\\/secure.gravatar.com\\\/avatar\\\/7aec815e6b030beaccea83cc51e0b490a60474eb7b157f25e736f503a63b9938?s=96&d=mm&r=g\",\"caption\":\"admin\"},\"url\":\"https:\\\/\\\/www.iloversum.fi\\\/fi\\\/author\\\/admin\\\/\"}]}<\/script>\n<!-- \/ Yoast SEO plugin. -->","yoast_head_json":{"title":"Muistatko, kuka olet? Yksin\u00e4si, ilman nime\u00e4? - Iloversum","robots":{"index":"index","follow":"follow","max-snippet":"max-snippet:-1","max-image-preview":"max-image-preview:large","max-video-preview":"max-video-preview:-1"},"canonical":"https:\/\/www.iloversum.fi\/fi\/ilon-ja-onnellisuuden-kuntosali\/muistatko-kuka-olet-yksinasi-ilman-nimea\/","og_locale":"fi_FI","og_type":"article","og_title":"Muistatko, kuka olet? Yksin\u00e4si, ilman nime\u00e4? - Iloversum","og_description":"T\u00e4m\u00e4 kysymys pys\u00e4ytti minut totaalisesti nuorena naisena vuosia sitten. Se sai minut vuosiksi etsim\u00e4\u00e4n vastausta ja pohtimaan, kuka min\u00e4 oikeastaan olen. Ja miten l\u00f6yd\u00e4n todellisen minuuteni?","og_url":"https:\/\/www.iloversum.fi\/fi\/ilon-ja-onnellisuuden-kuntosali\/muistatko-kuka-olet-yksinasi-ilman-nimea\/","og_site_name":"Iloversum","article_published_time":"2017-03-10T14:52:00+00:00","article_modified_time":"2021-07-14T11:45:45+00:00","og_image":[{"width":640,"height":427,"url":"https:\/\/www.iloversum.fi\/wp-content\/uploads\/2021\/06\/kuka_olet_kukka_sormissa_640.jpg","type":"image\/jpeg"}],"author":"admin","twitter_card":"summary_large_image","twitter_misc":{"Kirjoittanut":"admin","Arvioitu lukuaika":"4 minuuttia"},"schema":{"@context":"https:\/\/schema.org","@graph":[{"@type":"Article","@id":"https:\/\/www.iloversum.fi\/fi\/ilon-ja-onnellisuuden-kuntosali\/muistatko-kuka-olet-yksinasi-ilman-nimea\/#article","isPartOf":{"@id":"https:\/\/www.iloversum.fi\/fi\/ilon-ja-onnellisuuden-kuntosali\/muistatko-kuka-olet-yksinasi-ilman-nimea\/"},"author":{"name":"admin","@id":"https:\/\/www.iloversum.fi\/fi\/#\/schema\/person\/3bca4d6258dde782444fce5777f1809c"},"headline":"Muistatko, kuka olet? Yksin\u00e4si, ilman nime\u00e4?","datePublished":"2017-03-10T14:52:00+00:00","dateModified":"2021-07-14T11:45:45+00:00","mainEntityOfPage":{"@id":"https:\/\/www.iloversum.fi\/fi\/ilon-ja-onnellisuuden-kuntosali\/muistatko-kuka-olet-yksinasi-ilman-nimea\/"},"wordCount":853,"commentCount":0,"image":{"@id":"https:\/\/www.iloversum.fi\/fi\/ilon-ja-onnellisuuden-kuntosali\/muistatko-kuka-olet-yksinasi-ilman-nimea\/#primaryimage"},"thumbnailUrl":"https:\/\/www.iloversum.fi\/wp-content\/uploads\/2021\/06\/kuka_olet_kukka_sormissa_640.jpg","keywords":["aitous","kuka olen","Mielen jumppaaminen","minuus","onnellisuus","onnellisuusharjoitteet","todellinen minuus"],"articleSection":["Ilon ja onnellisuuden kuntosali"],"inLanguage":"fi","potentialAction":[{"@type":"CommentAction","name":"Comment","target":["https:\/\/www.iloversum.fi\/fi\/ilon-ja-onnellisuuden-kuntosali\/muistatko-kuka-olet-yksinasi-ilman-nimea\/#respond"]}]},{"@type":"WebPage","@id":"https:\/\/www.iloversum.fi\/fi\/ilon-ja-onnellisuuden-kuntosali\/muistatko-kuka-olet-yksinasi-ilman-nimea\/","url":"https:\/\/www.iloversum.fi\/fi\/ilon-ja-onnellisuuden-kuntosali\/muistatko-kuka-olet-yksinasi-ilman-nimea\/","name":"Muistatko, kuka olet? Yksin\u00e4si, ilman nime\u00e4? - Iloversum","isPartOf":{"@id":"https:\/\/www.iloversum.fi\/fi\/#website"},"primaryImageOfPage":{"@id":"https:\/\/www.iloversum.fi\/fi\/ilon-ja-onnellisuuden-kuntosali\/muistatko-kuka-olet-yksinasi-ilman-nimea\/#primaryimage"},"image":{"@id":"https:\/\/www.iloversum.fi\/fi\/ilon-ja-onnellisuuden-kuntosali\/muistatko-kuka-olet-yksinasi-ilman-nimea\/#primaryimage"},"thumbnailUrl":"https:\/\/www.iloversum.fi\/wp-content\/uploads\/2021\/06\/kuka_olet_kukka_sormissa_640.jpg","datePublished":"2017-03-10T14:52:00+00:00","dateModified":"2021-07-14T11:45:45+00:00","author":{"@id":"https:\/\/www.iloversum.fi\/fi\/#\/schema\/person\/3bca4d6258dde782444fce5777f1809c"},"breadcrumb":{"@id":"https:\/\/www.iloversum.fi\/fi\/ilon-ja-onnellisuuden-kuntosali\/muistatko-kuka-olet-yksinasi-ilman-nimea\/#breadcrumb"},"inLanguage":"fi","potentialAction":[{"@type":"ReadAction","target":["https:\/\/www.iloversum.fi\/fi\/ilon-ja-onnellisuuden-kuntosali\/muistatko-kuka-olet-yksinasi-ilman-nimea\/"]}]},{"@type":"ImageObject","inLanguage":"fi","@id":"https:\/\/www.iloversum.fi\/fi\/ilon-ja-onnellisuuden-kuntosali\/muistatko-kuka-olet-yksinasi-ilman-nimea\/#primaryimage","url":"https:\/\/www.iloversum.fi\/wp-content\/uploads\/2021\/06\/kuka_olet_kukka_sormissa_640.jpg","contentUrl":"https:\/\/www.iloversum.fi\/wp-content\/uploads\/2021\/06\/kuka_olet_kukka_sormissa_640.jpg","width":640,"height":427},{"@type":"BreadcrumbList","@id":"https:\/\/www.iloversum.fi\/fi\/ilon-ja-onnellisuuden-kuntosali\/muistatko-kuka-olet-yksinasi-ilman-nimea\/#breadcrumb","itemListElement":[{"@type":"ListItem","position":1,"name":"Etusivu","item":"https:\/\/www.iloversum.fi\/fi\/"},{"@type":"ListItem","position":2,"name":"Muistatko, kuka olet? Yksin\u00e4si, ilman nime\u00e4?"}]},{"@type":"WebSite","@id":"https:\/\/www.iloversum.fi\/fi\/#website","url":"https:\/\/www.iloversum.fi\/fi\/","name":"Iloversum","description":"Iloversum","potentialAction":[{"@type":"SearchAction","target":{"@type":"EntryPoint","urlTemplate":"https:\/\/www.iloversum.fi\/fi\/?s={search_term_string}"},"query-input":{"@type":"PropertyValueSpecification","valueRequired":true,"valueName":"search_term_string"}}],"inLanguage":"fi"},{"@type":"Person","@id":"https:\/\/www.iloversum.fi\/fi\/#\/schema\/person\/3bca4d6258dde782444fce5777f1809c","name":"admin","image":{"@type":"ImageObject","inLanguage":"fi","@id":"https:\/\/secure.gravatar.com\/avatar\/7aec815e6b030beaccea83cc51e0b490a60474eb7b157f25e736f503a63b9938?s=96&d=mm&r=g","url":"https:\/\/secure.gravatar.com\/avatar\/7aec815e6b030beaccea83cc51e0b490a60474eb7b157f25e736f503a63b9938?s=96&d=mm&r=g","contentUrl":"https:\/\/secure.gravatar.com\/avatar\/7aec815e6b030beaccea83cc51e0b490a60474eb7b157f25e736f503a63b9938?s=96&d=mm&r=g","caption":"admin"},"url":"https:\/\/www.iloversum.fi\/fi\/author\/admin\/"}]}},"_links":{"self":[{"href":"https:\/\/www.iloversum.fi\/fi\/wp-json\/wp\/v2\/posts\/15735","targetHints":{"allow":["GET"]}}],"collection":[{"href":"https:\/\/www.iloversum.fi\/fi\/wp-json\/wp\/v2\/posts"}],"about":[{"href":"https:\/\/www.iloversum.fi\/fi\/wp-json\/wp\/v2\/types\/post"}],"author":[{"embeddable":true,"href":"https:\/\/www.iloversum.fi\/fi\/wp-json\/wp\/v2\/users\/1"}],"replies":[{"embeddable":true,"href":"https:\/\/www.iloversum.fi\/fi\/wp-json\/wp\/v2\/comments?post=15735"}],"version-history":[{"count":1,"href":"https:\/\/www.iloversum.fi\/fi\/wp-json\/wp\/v2\/posts\/15735\/revisions"}],"predecessor-version":[{"id":15864,"href":"https:\/\/www.iloversum.fi\/fi\/wp-json\/wp\/v2\/posts\/15735\/revisions\/15864"}],"wp:featuredmedia":[{"embeddable":true,"href":"https:\/\/www.iloversum.fi\/fi\/wp-json\/wp\/v2\/media\/15736"}],"wp:attachment":[{"href":"https:\/\/www.iloversum.fi\/fi\/wp-json\/wp\/v2\/media?parent=15735"}],"wp:term":[{"taxonomy":"category","embeddable":true,"href":"https:\/\/www.iloversum.fi\/fi\/wp-json\/wp\/v2\/categories?post=15735"},{"taxonomy":"post_tag","embeddable":true,"href":"https:\/\/www.iloversum.fi\/fi\/wp-json\/wp\/v2\/tags?post=15735"}],"curies":[{"name":"wp","href":"https:\/\/api.w.org\/{rel}","templated":true}]}}